{"id":319,"date":"2016-12-28T15:15:20","date_gmt":"2016-12-28T14:15:20","guid":{"rendered":"http:\/\/restaurant-montee.fr\/?p=319\/"},"modified":"2016-12-29T10:07:03","modified_gmt":"2016-12-29T09:07:03","slug":"fleur-de-la-semaine-%e3%80%9cle-27-decembre-2016%e3%80%9c","status":"publish","type":"post","link":"https:\/\/restaurant-montee.fr\/en\/actualites\/fleur-de-la-semaine-%e3%80%9cle-27-decembre-2016%e3%80%9c\/","title":{"rendered":"Fleur de la semaine \u301cle 28 d\u00e9cembre 2016\u301c"},"content":{"rendered":"<p>Fleur de la semaine est arriv\u00e9e&#8230;.<br \/>\nLe 28 d\u00e9cembre 2016<\/p>\n<p>#lesfleurs #arriv\u00e9es #restaurantMont\u00e9e #75014paris #\u30ec\u30b9\u30c8\u30e9\u30f3\u30e2\u30f3\u30c6<br \/>\n#flower #illony #Paris #75116 #beautiful #bouquet #flowerart #floristparis #\u30d6\u30fc\u30b1 #\u7f8e\u3057\u3044 #ashiya #\u30d5\u30e9\u30ef\u30fc\u30a2\u30ec\u30f3\u30b8\u30e1\u30f3\u30c8<\/p>\n","protected":false},"excerpt":{"rendered":"<p>Fleur de la semaine est arriv\u00e9e&#8230;. Le 28 d\u00e9cembre 2016 #lesfleurs #arriv\u00e9es #restaurantMont\u00e9e #75014paris #\u30ec\u30b9\u30c8\u30e9\u30f3\u30e2\u30f3\u30c6 #flower #illony #Paris #75116 #beautiful #bouquet #flowerart #floristparis #\u30d6\u30fc\u30b1 #\u7f8e\u3057\u3044 #ashiya #\u30d5\u30e9\u30ef\u30fc\u30a2\u30ec\u30f3\u30b8\u30e1\u30f3\u30c8<\/p>\n","protected":false},"author":2,"featured_media":332,"comment_status":"open","ping_status":"open","sticky":false,"template":"","format":"standard","meta":{"_acf_changed":false,"_monsterinsights_skip_tracking":false,"_monsterinsights_sitenote_active":false,"_monsterinsights_sitenote_note":"","_monsterinsights_sitenote_category":0,"footnotes":""},"categories":[1],"tags":[],"class_list":["post-319","post","type-post","status-publish","format-standard","has-post-thumbnail","hentry","category-actualites"],"acf":[],"yoast_head":"<!-- This site is optimized with the Yoast SEO plugin v27.3 - https:\/\/yoast.com\/product\/yoast-seo-wordpress\/ -->\n<title>Fleur de la semaine \u301cle 28 d\u00e9cembre 2016\u301c - MONTEE<\/title>\n<meta name=\"robots\" content=\"index, follow, max-snippet:-1, max-image-preview:large, max-video-preview:-1\" \/>\n<link rel=\"canonical\" href=\"https:\/\/restaurant-montee.fr\/en\/actualites\/fleur-de-la-semaine-%e3%80%9cle-27-decembre-2016%e3%80%9c\/\" \/>\n<meta property=\"og:locale\" content=\"en_US\" \/>\n<meta property=\"og:type\" content=\"article\" \/>\n<meta property=\"og:title\" content=\"Fleur de la semaine \u301cle 28 d\u00e9cembre 2016\u301c - MONTEE\" \/>\n<meta property=\"og:description\" content=\"Fleur de la semaine est arriv\u00e9e&#8230;. Le 28 d\u00e9cembre 2016 #lesfleurs #arriv\u00e9es #restaurantMont\u00e9e #75014paris #\u30ec\u30b9\u30c8\u30e9\u30f3\u30e2\u30f3\u30c6 #flower #illony #Paris #75116 #beautiful #bouquet #flowerart #floristparis #\u30d6\u30fc\u30b1 #\u7f8e\u3057\u3044 #ashiya #\u30d5\u30e9\u30ef\u30fc\u30a2\u30ec\u30f3\u30b8\u30e1\u30f3\u30c8\" \/>\n<meta property=\"og:url\" content=\"https:\/\/restaurant-montee.fr\/en\/actualites\/fleur-de-la-semaine-%e3%80%9cle-27-decembre-2016%e3%80%9c\/\" \/>\n<meta property=\"og:site_name\" content=\"MONTEE\" \/>\n<meta property=\"article:publisher\" content=\"https:\/\/www.facebook.com\/restaurantMontee\/\" \/>\n<meta property=\"article:published_time\" content=\"2016-12-28T14:15:20+00:00\" \/>\n<meta property=\"article:modified_time\" content=\"2016-12-29T09:07:03+00:00\" \/>\n<meta property=\"og:image\" content=\"https:\/\/restaurant-montee.fr\/wp-content\/uploads\/2016\/12\/IMG_0176-e1482966795788.jpg\" \/>\n\t<meta property=\"og:image:width\" content=\"1600\" \/>\n\t<meta property=\"og:image:height\" content=\"1200\" \/>\n\t<meta property=\"og:image:type\" content=\"image\/jpeg\" \/>\n<meta name=\"author\" content=\"name44ura\" \/>\n<meta name=\"twitter:card\" content=\"summary_large_image\" \/>\n<meta name=\"twitter:creator\" content=\"@montee75014\" \/>\n<meta name=\"twitter:site\" content=\"@montee75014\" \/>\n<meta name=\"twitter:label1\" content=\"Written by\" \/>\n\t<meta name=\"twitter:data1\" content=\"name44ura\" \/>\n<script type=\"application\/ld+json\" class=\"yoast-schema-graph\">{\"@context\":\"https:\\\/\\\/schema.org\",\"@graph\":[{\"@type\":\"Article\",\"@id\":\"https:\\\/\\\/restaurant-montee.fr\\\/en\\\/actualites\\\/fleur-de-la-semaine-%e3%80%9cle-27-decembre-2016%e3%80%9c\\\/#article\",\"isPartOf\":{\"@id\":\"https:\\\/\\\/restaurant-montee.fr\\\/en\\\/actualites\\\/fleur-de-la-semaine-%e3%80%9cle-27-decembre-2016%e3%80%9c\\\/\"},\"author\":{\"name\":\"name44ura\",\"@id\":\"https:\\\/\\\/restaurant-montee.fr\\\/en\\\/#\\\/schema\\\/person\\\/e9f05b964cea4cb3464613521848cad5\"},\"headline\":\"Fleur de la semaine \u301cle 28 d\u00e9cembre 2016\u301c\",\"datePublished\":\"2016-12-28T14:15:20+00:00\",\"dateModified\":\"2016-12-29T09:07:03+00:00\",\"mainEntityOfPage\":{\"@id\":\"https:\\\/\\\/restaurant-montee.fr\\\/en\\\/actualites\\\/fleur-de-la-semaine-%e3%80%9cle-27-decembre-2016%e3%80%9c\\\/\"},\"wordCount\":31,\"commentCount\":0,\"image\":{\"@id\":\"https:\\\/\\\/restaurant-montee.fr\\\/en\\\/actualites\\\/fleur-de-la-semaine-%e3%80%9cle-27-decembre-2016%e3%80%9c\\\/#primaryimage\"},\"thumbnailUrl\":\"https:\\\/\\\/restaurant-montee.fr\\\/wp-content\\\/uploads\\\/2016\\\/12\\\/IMG_0176-e1482966795788.jpg\",\"articleSection\":[\"ACTUALIT\u00c9S\"],\"inLanguage\":\"en-US\",\"potentialAction\":[{\"@type\":\"CommentAction\",\"name\":\"Comment\",\"target\":[\"https:\\\/\\\/restaurant-montee.fr\\\/en\\\/actualites\\\/fleur-de-la-semaine-%e3%80%9cle-27-decembre-2016%e3%80%9c\\\/#respond\"]}]},{\"@type\":\"WebPage\",\"@id\":\"https:\\\/\\\/restaurant-montee.fr\\\/en\\\/actualites\\\/fleur-de-la-semaine-%e3%80%9cle-27-decembre-2016%e3%80%9c\\\/\",\"url\":\"https:\\\/\\\/restaurant-montee.fr\\\/en\\\/actualites\\\/fleur-de-la-semaine-%e3%80%9cle-27-decembre-2016%e3%80%9c\\\/\",\"name\":\"Fleur de la semaine \u301cle 28 d\u00e9cembre 2016\u301c - MONTEE\",\"isPartOf\":{\"@id\":\"https:\\\/\\\/restaurant-montee.fr\\\/en\\\/#website\"},\"primaryImageOfPage\":{\"@id\":\"https:\\\/\\\/restaurant-montee.fr\\\/en\\\/actualites\\\/fleur-de-la-semaine-%e3%80%9cle-27-decembre-2016%e3%80%9c\\\/#primaryimage\"},\"image\":{\"@id\":\"https:\\\/\\\/restaurant-montee.fr\\\/en\\\/actualites\\\/fleur-de-la-semaine-%e3%80%9cle-27-decembre-2016%e3%80%9c\\\/#primaryimage\"},\"thumbnailUrl\":\"https:\\\/\\\/restaurant-montee.fr\\\/wp-content\\\/uploads\\\/2016\\\/12\\\/IMG_0176-e1482966795788.jpg\",\"datePublished\":\"2016-12-28T14:15:20+00:00\",\"dateModified\":\"2016-12-29T09:07:03+00:00\",\"author\":{\"@id\":\"https:\\\/\\\/restaurant-montee.fr\\\/en\\\/#\\\/schema\\\/person\\\/e9f05b964cea4cb3464613521848cad5\"},\"breadcrumb\":{\"@id\":\"https:\\\/\\\/restaurant-montee.fr\\\/en\\\/actualites\\\/fleur-de-la-semaine-%e3%80%9cle-27-decembre-2016%e3%80%9c\\\/#breadcrumb\"},\"inLanguage\":\"en-US\",\"potentialAction\":[{\"@type\":\"ReadAction\",\"target\":[\"https:\\\/\\\/restaurant-montee.fr\\\/en\\\/actualites\\\/fleur-de-la-semaine-%e3%80%9cle-27-decembre-2016%e3%80%9c\\\/\"]}]},{\"@type\":\"ImageObject\",\"inLanguage\":\"en-US\",\"@id\":\"https:\\\/\\\/restaurant-montee.fr\\\/en\\\/actualites\\\/fleur-de-la-semaine-%e3%80%9cle-27-decembre-2016%e3%80%9c\\\/#primaryimage\",\"url\":\"https:\\\/\\\/restaurant-montee.fr\\\/wp-content\\\/uploads\\\/2016\\\/12\\\/IMG_0176-e1482966795788.jpg\",\"contentUrl\":\"https:\\\/\\\/restaurant-montee.fr\\\/wp-content\\\/uploads\\\/2016\\\/12\\\/IMG_0176-e1482966795788.jpg\",\"width\":1600,\"height\":1200},{\"@type\":\"BreadcrumbList\",\"@id\":\"https:\\\/\\\/restaurant-montee.fr\\\/en\\\/actualites\\\/fleur-de-la-semaine-%e3%80%9cle-27-decembre-2016%e3%80%9c\\\/#breadcrumb\",\"itemListElement\":[{\"@type\":\"ListItem\",\"position\":1,\"name\":\"\u30db\u30fc\u30e0\",\"item\":\"https:\\\/\\\/restaurant-montee.fr\\\/en\\\/\"},{\"@type\":\"ListItem\",\"position\":2,\"name\":\"Fleur de la semaine \u301cle 28 d\u00e9cembre 2016\u301c\"}]},{\"@type\":\"WebSite\",\"@id\":\"https:\\\/\\\/restaurant-montee.fr\\\/en\\\/#website\",\"url\":\"https:\\\/\\\/restaurant-montee.fr\\\/en\\\/\",\"name\":\"MONTEE\",\"description\":\"Takayuki Nameura&#039;s French Restaurant in Paris 75014\",\"potentialAction\":[{\"@type\":\"SearchAction\",\"target\":{\"@type\":\"EntryPoint\",\"urlTemplate\":\"https:\\\/\\\/restaurant-montee.fr\\\/en\\\/?s={search_term_string}\"},\"query-input\":{\"@type\":\"PropertyValueSpecification\",\"valueRequired\":true,\"valueName\":\"search_term_string\"}}],\"inLanguage\":\"en-US\"},{\"@type\":\"Person\",\"@id\":\"https:\\\/\\\/restaurant-montee.fr\\\/en\\\/#\\\/schema\\\/person\\\/e9f05b964cea4cb3464613521848cad5\",\"name\":\"name44ura\",\"image\":{\"@type\":\"ImageObject\",\"inLanguage\":\"en-US\",\"@id\":\"https:\\\/\\\/secure.gravatar.com\\\/avatar\\\/1338d09e0e64e564b3c860ae6463c70b9c7140f94af6c74b7f2e82828974372b?s=96&d=mm&r=g\",\"url\":\"https:\\\/\\\/secure.gravatar.com\\\/avatar\\\/1338d09e0e64e564b3c860ae6463c70b9c7140f94af6c74b7f2e82828974372b?s=96&d=mm&r=g\",\"contentUrl\":\"https:\\\/\\\/secure.gravatar.com\\\/avatar\\\/1338d09e0e64e564b3c860ae6463c70b9c7140f94af6c74b7f2e82828974372b?s=96&d=mm&r=g\",\"caption\":\"name44ura\"}}]}<\/script>\n<!-- \/ Yoast SEO plugin. -->","yoast_head_json":{"title":"Fleur de la semaine \u301cle 28 d\u00e9cembre 2016\u301c - MONTEE","robots":{"index":"index","follow":"follow","max-snippet":"max-snippet:-1","max-image-preview":"max-image-preview:large","max-video-preview":"max-video-preview:-1"},"canonical":"https:\/\/restaurant-montee.fr\/en\/actualites\/fleur-de-la-semaine-%e3%80%9cle-27-decembre-2016%e3%80%9c\/","og_locale":"en_US","og_type":"article","og_title":"Fleur de la semaine \u301cle 28 d\u00e9cembre 2016\u301c - MONTEE","og_description":"Fleur de la semaine est arriv\u00e9e&#8230;. Le 28 d\u00e9cembre 2016 #lesfleurs #arriv\u00e9es #restaurantMont\u00e9e #75014paris #\u30ec\u30b9\u30c8\u30e9\u30f3\u30e2\u30f3\u30c6 #flower #illony #Paris #75116 #beautiful #bouquet #flowerart #floristparis #\u30d6\u30fc\u30b1 #\u7f8e\u3057\u3044 #ashiya #\u30d5\u30e9\u30ef\u30fc\u30a2\u30ec\u30f3\u30b8\u30e1\u30f3\u30c8","og_url":"https:\/\/restaurant-montee.fr\/en\/actualites\/fleur-de-la-semaine-%e3%80%9cle-27-decembre-2016%e3%80%9c\/","og_site_name":"MONTEE","article_publisher":"https:\/\/www.facebook.com\/restaurantMontee\/","article_published_time":"2016-12-28T14:15:20+00:00","article_modified_time":"2016-12-29T09:07:03+00:00","og_image":[{"width":1600,"height":1200,"url":"https:\/\/restaurant-montee.fr\/wp-content\/uploads\/2016\/12\/IMG_0176-e1482966795788.jpg","type":"image\/jpeg"}],"author":"name44ura","twitter_card":"summary_large_image","twitter_creator":"@montee75014","twitter_site":"@montee75014","twitter_misc":{"Written by":"name44ura"},"schema":{"@context":"https:\/\/schema.org","@graph":[{"@type":"Article","@id":"https:\/\/restaurant-montee.fr\/en\/actualites\/fleur-de-la-semaine-%e3%80%9cle-27-decembre-2016%e3%80%9c\/#article","isPartOf":{"@id":"https:\/\/restaurant-montee.fr\/en\/actualites\/fleur-de-la-semaine-%e3%80%9cle-27-decembre-2016%e3%80%9c\/"},"author":{"name":"name44ura","@id":"https:\/\/restaurant-montee.fr\/en\/#\/schema\/person\/e9f05b964cea4cb3464613521848cad5"},"headline":"Fleur de la semaine \u301cle 28 d\u00e9cembre 2016\u301c","datePublished":"2016-12-28T14:15:20+00:00","dateModified":"2016-12-29T09:07:03+00:00","mainEntityOfPage":{"@id":"https:\/\/restaurant-montee.fr\/en\/actualites\/fleur-de-la-semaine-%e3%80%9cle-27-decembre-2016%e3%80%9c\/"},"wordCount":31,"commentCount":0,"image":{"@id":"https:\/\/restaurant-montee.fr\/en\/actualites\/fleur-de-la-semaine-%e3%80%9cle-27-decembre-2016%e3%80%9c\/#primaryimage"},"thumbnailUrl":"https:\/\/restaurant-montee.fr\/wp-content\/uploads\/2016\/12\/IMG_0176-e1482966795788.jpg","articleSection":["ACTUALIT\u00c9S"],"inLanguage":"en-US","potentialAction":[{"@type":"CommentAction","name":"Comment","target":["https:\/\/restaurant-montee.fr\/en\/actualites\/fleur-de-la-semaine-%e3%80%9cle-27-decembre-2016%e3%80%9c\/#respond"]}]},{"@type":"WebPage","@id":"https:\/\/restaurant-montee.fr\/en\/actualites\/fleur-de-la-semaine-%e3%80%9cle-27-decembre-2016%e3%80%9c\/","url":"https:\/\/restaurant-montee.fr\/en\/actualites\/fleur-de-la-semaine-%e3%80%9cle-27-decembre-2016%e3%80%9c\/","name":"Fleur de la semaine \u301cle 28 d\u00e9cembre 2016\u301c - MONTEE","isPartOf":{"@id":"https:\/\/restaurant-montee.fr\/en\/#website"},"primaryImageOfPage":{"@id":"https:\/\/restaurant-montee.fr\/en\/actualites\/fleur-de-la-semaine-%e3%80%9cle-27-decembre-2016%e3%80%9c\/#primaryimage"},"image":{"@id":"https:\/\/restaurant-montee.fr\/en\/actualites\/fleur-de-la-semaine-%e3%80%9cle-27-decembre-2016%e3%80%9c\/#primaryimage"},"thumbnailUrl":"https:\/\/restaurant-montee.fr\/wp-content\/uploads\/2016\/12\/IMG_0176-e1482966795788.jpg","datePublished":"2016-12-28T14:15:20+00:00","dateModified":"2016-12-29T09:07:03+00:00","author":{"@id":"https:\/\/restaurant-montee.fr\/en\/#\/schema\/person\/e9f05b964cea4cb3464613521848cad5"},"breadcrumb":{"@id":"https:\/\/restaurant-montee.fr\/en\/actualites\/fleur-de-la-semaine-%e3%80%9cle-27-decembre-2016%e3%80%9c\/#breadcrumb"},"inLanguage":"en-US","potentialAction":[{"@type":"ReadAction","target":["https:\/\/restaurant-montee.fr\/en\/actualites\/fleur-de-la-semaine-%e3%80%9cle-27-decembre-2016%e3%80%9c\/"]}]},{"@type":"ImageObject","inLanguage":"en-US","@id":"https:\/\/restaurant-montee.fr\/en\/actualites\/fleur-de-la-semaine-%e3%80%9cle-27-decembre-2016%e3%80%9c\/#primaryimage","url":"https:\/\/restaurant-montee.fr\/wp-content\/uploads\/2016\/12\/IMG_0176-e1482966795788.jpg","contentUrl":"https:\/\/restaurant-montee.fr\/wp-content\/uploads\/2016\/12\/IMG_0176-e1482966795788.jpg","width":1600,"height":1200},{"@type":"BreadcrumbList","@id":"https:\/\/restaurant-montee.fr\/en\/actualites\/fleur-de-la-semaine-%e3%80%9cle-27-decembre-2016%e3%80%9c\/#breadcrumb","itemListElement":[{"@type":"ListItem","position":1,"name":"\u30db\u30fc\u30e0","item":"https:\/\/restaurant-montee.fr\/en\/"},{"@type":"ListItem","position":2,"name":"Fleur de la semaine \u301cle 28 d\u00e9cembre 2016\u301c"}]},{"@type":"WebSite","@id":"https:\/\/restaurant-montee.fr\/en\/#website","url":"https:\/\/restaurant-montee.fr\/en\/","name":"MONTEE","description":"Takayuki Nameura&#039;s French Restaurant in Paris 75014","potentialAction":[{"@type":"SearchAction","target":{"@type":"EntryPoint","urlTemplate":"https:\/\/restaurant-montee.fr\/en\/?s={search_term_string}"},"query-input":{"@type":"PropertyValueSpecification","valueRequired":true,"valueName":"search_term_string"}}],"inLanguage":"en-US"},{"@type":"Person","@id":"https:\/\/restaurant-montee.fr\/en\/#\/schema\/person\/e9f05b964cea4cb3464613521848cad5","name":"name44ura","image":{"@type":"ImageObject","inLanguage":"en-US","@id":"https:\/\/secure.gravatar.com\/avatar\/1338d09e0e64e564b3c860ae6463c70b9c7140f94af6c74b7f2e82828974372b?s=96&d=mm&r=g","url":"https:\/\/secure.gravatar.com\/avatar\/1338d09e0e64e564b3c860ae6463c70b9c7140f94af6c74b7f2e82828974372b?s=96&d=mm&r=g","contentUrl":"https:\/\/secure.gravatar.com\/avatar\/1338d09e0e64e564b3c860ae6463c70b9c7140f94af6c74b7f2e82828974372b?s=96&d=mm&r=g","caption":"name44ura"}}]}},"_links":{"self":[{"href":"https:\/\/restaurant-montee.fr\/en\/wp-json\/wp\/v2\/posts\/319","targetHints":{"allow":["GET"]}}],"collection":[{"href":"https:\/\/restaurant-montee.fr\/en\/wp-json\/wp\/v2\/posts"}],"about":[{"href":"https:\/\/restaurant-montee.fr\/en\/wp-json\/wp\/v2\/types\/post"}],"author":[{"embeddable":true,"href":"https:\/\/restaurant-montee.fr\/en\/wp-json\/wp\/v2\/users\/2"}],"replies":[{"embeddable":true,"href":"https:\/\/restaurant-montee.fr\/en\/wp-json\/wp\/v2\/comments?post=319"}],"version-history":[{"count":5,"href":"https:\/\/restaurant-montee.fr\/en\/wp-json\/wp\/v2\/posts\/319\/revisions"}],"predecessor-version":[{"id":338,"href":"https:\/\/restaurant-montee.fr\/en\/wp-json\/wp\/v2\/posts\/319\/revisions\/338"}],"wp:featuredmedia":[{"embeddable":true,"href":"https:\/\/restaurant-montee.fr\/en\/wp-json\/wp\/v2\/media\/332"}],"wp:attachment":[{"href":"https:\/\/restaurant-montee.fr\/en\/wp-json\/wp\/v2\/media?parent=319"}],"wp:term":[{"taxonomy":"category","embeddable":true,"href":"https:\/\/restaurant-montee.fr\/en\/wp-json\/wp\/v2\/categories?post=319"},{"taxonomy":"post_tag","embeddable":true,"href":"https:\/\/restaurant-montee.fr\/en\/wp-json\/wp\/v2\/tags?post=319"}],"curies":[{"name":"wp","href":"https:\/\/api.w.org\/{rel}","templated":true}]}}